{"id":2277,"date":"2011-03-01T09:53:10","date_gmt":"2011-03-01T08:53:10","guid":{"rendered":"http:\/\/www.francoiserenaud.com\/blog\/?p=2277"},"modified":"2012-01-15T09:49:17","modified_gmt":"2012-01-15T08:49:17","slug":"blanc-premier-richarme-9","status":"publish","type":"post","link":"https:\/\/www.francoiserenaud.com\/blog\/2011\/03\/blanc-premier-richarme-9\/","title":{"rendered":"blanc premier, Richarme (9)"},"content":{"rendered":"<p style=\"margin-top: 20px;\"><img loading=\"lazy\" decoding=\"async\" class=\"alignnone size-full wp-image-2278\" style=\"border: 2px solid black;\" title=\"detail_sapinsenneig\u00e9s\" src=\"http:\/\/www.francoiserenaud.com\/blog\/wp-content\/uploads\/2010\/12\/detail_sapinsenneig\u00e9s.jpg\" alt=\"\" width=\"344\" height=\"448\" \/><\/p>\n<p style=\"margin-top: 20px;\">Blanc premier de la neige.<br \/>\nBlanc primitif qui enlumine les membrures d\u2019hiver.<br \/>\n\u00c0 la fonte, il s\u2019infiltre dans les limbes de la terre pour y couver \u00e0 la fa\u00e7on d&rsquo;une lave, un jour s\u2019\u00e9broue et se hisse par la s\u00e8ve des troncs noirs pour rejaillir en fleurs, plus tard en chair de fruit \u2212 amandiers, cerisiers.<\/p>\n<p style=\"margin-top: 20px;\">La voix des p\u00e9tales est si blanche \u2014\u00a0 certaines toiles du peintre Richarme le racontent \u2014 tel \u00e9cho \u00e0 la neige des saisons pr\u00e9c\u00e9dentes, \u00f4 sublime prolongement, m\u00e9tamorphose.<\/p>\n<p>Ainsi le grand silence blanc abrite les autres mati\u00e8res blanches, \u00e9ternisant le cycle des deuils et des renaissances.<\/p>\n<p style=\"margin-top: 40px;\">\n<p style=\"text-align: right;\"><em>Sapins enneig\u00e9s<\/em>, <a href=\"http:\/\/www.richarme.org\/\" target=\"_blank\">Richarme<\/a>, 1982 (huile sur toile, d\u00e9tail)<\/p>\n","protected":false},"excerpt":{"rendered":"<p>Blanc premier de la neige. Blanc primitif qui enlumine les membrures d\u2019hiver. \u00c0 la fonte, il s\u2019infiltre dans les limbes de la terre pour y couver \u00e0 la fa\u00e7on d&rsquo;une lave, un jour s\u2019\u00e9broue et se hisse par la s\u00e8ve des troncs noirs pour rejaillir en fleurs, plus tard en chair de fruit \u2212 amandiers, [&hellip;]<\/p>\n","protected":false},"author":1,"featured_media":0,"comment_status":"open","ping_status":"open","sticky":false,"template":"","format":"standard","meta":{"footnotes":""},"categories":[5,64],"tags":[38,117,37,47],"_links":{"self":[{"href":"https:\/\/www.francoiserenaud.com\/blog\/wp-json\/wp\/v2\/posts\/2277"}],"collection":[{"href":"https:\/\/www.francoiserenaud.com\/blog\/wp-json\/wp\/v2\/posts"}],"about":[{"href":"https:\/\/www.francoiserenaud.com\/blog\/wp-json\/wp\/v2\/types\/post"}],"author":[{"embeddable":true,"href":"https:\/\/www.francoiserenaud.com\/blog\/wp-json\/wp\/v2\/users\/1"}],"replies":[{"embeddable":true,"href":"https:\/\/www.francoiserenaud.com\/blog\/wp-json\/wp\/v2\/comments?post=2277"}],"version-history":[{"count":28,"href":"https:\/\/www.francoiserenaud.com\/blog\/wp-json\/wp\/v2\/posts\/2277\/revisions"}],"predecessor-version":[{"id":2730,"href":"https:\/\/www.francoiserenaud.com\/blog\/wp-json\/wp\/v2\/posts\/2277\/revisions\/2730"}],"wp:attachment":[{"href":"https:\/\/www.francoiserenaud.com\/blog\/wp-json\/wp\/v2\/media?parent=2277"}],"wp:term":[{"taxonomy":"category","embeddable":true,"href":"https:\/\/www.francoiserenaud.com\/blog\/wp-json\/wp\/v2\/categories?post=2277"},{"taxonomy":"post_tag","embeddable":true,"href":"https:\/\/www.francoiserenaud.com\/blog\/wp-json\/wp\/v2\/tags?post=2277"}],"curies":[{"name":"wp","href":"https:\/\/api.w.org\/{rel}","templated":true}]}}