{"id":2712,"date":"2011-05-16T10:39:17","date_gmt":"2011-05-16T09:39:17","guid":{"rendered":"http:\/\/www.francoiserenaud.com\/blog\/?p=2712"},"modified":"2013-05-14T11:14:02","modified_gmt":"2013-05-14T10:14:02","slug":"ganivelles","status":"publish","type":"post","link":"http:\/\/www.francoiserenaud.com\/blog\/2011\/05\/ganivelles\/","title":{"rendered":"ganivelles"},"content":{"rendered":"<p style=\"margin-top: 20px;\"><img loading=\"lazy\" decoding=\"async\" class=\"alignnone size-full wp-image-2721\" style=\"border: 2px solid black; margin: 0.5px;\" title=\"Ganivelles - Photographie de Fran\u00e7oise RENAUD\" src=\"http:\/\/www.francoiserenaud.com\/blog\/wp-content\/uploads\/2011\/02\/DSCF25972.jpg\" alt=\"\" width=\"367\" height=\"485\" \/><\/p>\n<p style=\"margin-top: 20px;\">Toujours nous progressons \u00e0 bonne cadence, lui poussant sur son b\u00e2ton, moi r\u00e9glant mon pas au sien. Le vent est comme b\u00eate folle. Il jette en travers de nos poitrines quantit\u00e9 d\u2019odeurs et d\u2019embruns, nous contraint \u00e0 ouvrir la bouche pour respirer. Par intermittences une bruine froide cingle nos visages. J\u2019esp\u00e8re qu\u2019il prend plaisir \u00e0 cheminer en ma compagnie sur ce sentier qu\u2019il emprunte seul depuis la mort du chien.<\/p>\n<p>Bient\u00f4t le paysage se fait plus sauvage encore\u00a0\u2013 glauque de la mer, ac\u00e9r\u00e9 du rocher \u2013 et si impressionnant qu\u2019il nous ram\u00e8ne aux temps o\u00f9 il \u00e9tait jeune, aux temps d\u2019avant les cong\u00e9s pay\u00e9s et les p\u00e9troliers g\u00e9ants. Il \u00e9voque les bandes de marsouins qui croisaient \u00a0alors dans la baie. Il hoche la t\u00eate, presque \u00e9tonn\u00e9 de s\u2019en rappeler, puis s\u2019interroge sur l\u2019efficacit\u00e9 de ces palissades nouvellement install\u00e9es, cens\u00e9es prot\u00e9ger ce qui reste de flore littorale des hordes d\u2019estivants incontr\u00f4lables.<\/p>\n<p>\u2013 \u00c7a va trop loin maintenant, y\u2019a plus de respect pour rien. La terre, elle ne voudra plus gu\u00e9rir.<\/p>\n<p style=\"margin-top: 20px;\">\n<p style=\"text-align: right;\"><em>Extrait du roman &lsquo;<a href=\"http:\/\/www.francoiserenaud.com\/bibliographie\/romans-recits\/le-regard-du-pere\/\" target=\"_blank\"><strong>Le regard du p\u00e8re<\/strong><strong>&lsquo;<\/strong><\/a>, \u00e9ditions AEDIS, 2006<br \/>\nPhotographie : Ganivelles<\/em><em> &#8211; \u00a9FR<\/em><\/p>\n","protected":false},"excerpt":{"rendered":"<p>Toujours nous progressons \u00e0 bonne cadence, lui poussant sur son b\u00e2ton, moi r\u00e9glant mon pas au sien. Le vent est comme b\u00eate folle. Il jette en travers de nos poitrines quantit\u00e9 d\u2019odeurs et d\u2019embruns, nous contraint \u00e0 ouvrir la bouche pour respirer. Par intermittences une bruine froide cingle nos visages. J\u2019esp\u00e8re qu\u2019il prend plaisir \u00e0 [&hellip;]<\/p>\n","protected":false},"author":1,"featured_media":0,"comment_status":"open","ping_status":"open","sticky":false,"template":"","format":"standard","meta":{"footnotes":""},"categories":[10,46,54,39,61],"tags":[148,149,150],"_links":{"self":[{"href":"http:\/\/www.francoiserenaud.com\/blog\/wp-json\/wp\/v2\/posts\/2712"}],"collection":[{"href":"http:\/\/www.francoiserenaud.com\/blog\/wp-json\/wp\/v2\/posts"}],"about":[{"href":"http:\/\/www.francoiserenaud.com\/blog\/wp-json\/wp\/v2\/types\/post"}],"author":[{"embeddable":true,"href":"http:\/\/www.francoiserenaud.com\/blog\/wp-json\/wp\/v2\/users\/1"}],"replies":[{"embeddable":true,"href":"http:\/\/www.francoiserenaud.com\/blog\/wp-json\/wp\/v2\/comments?post=2712"}],"version-history":[{"count":23,"href":"http:\/\/www.francoiserenaud.com\/blog\/wp-json\/wp\/v2\/posts\/2712\/revisions"}],"predecessor-version":[{"id":5834,"href":"http:\/\/www.francoiserenaud.com\/blog\/wp-json\/wp\/v2\/posts\/2712\/revisions\/5834"}],"wp:attachment":[{"href":"http:\/\/www.francoiserenaud.com\/blog\/wp-json\/wp\/v2\/media?parent=2712"}],"wp:term":[{"taxonomy":"category","embeddable":true,"href":"http:\/\/www.francoiserenaud.com\/blog\/wp-json\/wp\/v2\/categories?post=2712"},{"taxonomy":"post_tag","embeddable":true,"href":"http:\/\/www.francoiserenaud.com\/blog\/wp-json\/wp\/v2\/tags?post=2712"}],"curies":[{"name":"wp","href":"https:\/\/api.w.org\/{rel}","templated":true}]}}