{"id":1460,"date":"2010-11-17T20:12:12","date_gmt":"2010-11-17T18:12:12","guid":{"rendered":"http:\/\/www.francoiserenaud.com\/blog\/?p=1460"},"modified":"2011-07-01T12:46:52","modified_gmt":"2011-07-01T11:46:52","slug":"neige-et-fleurs-richarme-7","status":"publish","type":"post","link":"http:\/\/www.francoiserenaud.com\/blog\/2010\/11\/neige-et-fleurs-richarme-7\/","title":{"rendered":"neige et fleurs, Richarme (7)"},"content":{"rendered":"<p><a href=\"http:\/\/www.richarme.org\/\" target=\"_blank\"><img loading=\"lazy\" decoding=\"async\" class=\"alignnone size-large wp-image-1461\" style=\"border: 2px solid black; margin: 0.5px;\" title=\"G81-10 Neige 27x35 SchL\" src=\"http:\/\/www.francoiserenaud.com\/blog\/wp-content\/uploads\/2010\/11\/G81-10-Neige-27x35-SchL-1024x784.jpg\" alt=\"\" width=\"496\" height=\"379\" srcset=\"http:\/\/www.francoiserenaud.com\/blog\/wp-content\/uploads\/2010\/11\/G81-10-Neige-27x35-SchL-1024x784.jpg 1024w, http:\/\/www.francoiserenaud.com\/blog\/wp-content\/uploads\/2010\/11\/G81-10-Neige-27x35-SchL-300x229.jpg 300w\" sizes=\"(max-width: 496px) 100vw, 496px\" \/><\/a><\/p>\n<p style=\"margin-top: 20px;\"><strong><em>agenda de Richarme &#8211; 18 f\u00e9vrier 1948<\/em><\/strong><\/p>\n<p>\u201cC\u2019est un matin glacial tout fleuri d\u2019ironie. Les amandiers sont en fleurs. L\u2019all\u00e9e est un rail de laurier-tin tous blancs d\u2019ombelles. La nature offre un d\u00e9cor de F\u00eate-Dieu d\u2019une blancheur id\u00e9ale\u2026 et le vent souffle pince-mord. Il neige\u2026 on ne sait quoi, est-ce un flocon\u00a0\u2026\u00a0? est-ce un p\u00e9tale\u2026\u00a0? et je vois lentement mourir les nacres du r\u00eave sous la neige froide et la morsure de l\u2019implacable r\u00e9el.\u201d<\/p>\n<p><strong><em>mon agenda &#8211; mars 2008<\/em><\/strong><\/p>\n<p>\u201cComme tout mortel, la mati\u00e8re du temps l&rsquo;avait rid\u00e9e rong\u00e9e elle aussi, femme artiste jusqu&rsquo;au bout des ongles. Mais la chute subite de la neige, les printemps naissants, la d\u00e9bauche des fleurs qui marquaient la fin des hivers la bouleversaient toujours intens\u00e9ment. Avec \u00e7a, elle \u00e9tait \u00e0 l&rsquo;aff\u00fbt des ciels, des nuages, des\u00a0 lumi\u00e8res insolites par-dessus les \u00e9tangs. Parfois elle s&rsquo;effondrait, perdait l&rsquo;espoir d&rsquo;un coup. Et puis un jour nouveau arrivait. Elle repartait \u00e0 l&rsquo;assaut de sa toile. Il n&rsquo;y avait gu\u00e8re que \u00e7a qui comptait, ce chemin br\u00fblant entre froid et br\u00fblure&#8230;\u201d<\/p>\n<p style=\"margin-top: 20px;\">\n<p style=\"text-align: right;\"><a href=\"http:\/\/www.richarme.org\" target=\"_blank\">Neige<\/a><em>, 1981, gouache,\u00a0 27 x 35 cm<\/em><\/p>\n<p><em> <\/em><\/p>\n","protected":false},"excerpt":{"rendered":"<p>agenda de Richarme &#8211; 18 f\u00e9vrier 1948 \u201cC\u2019est un matin glacial tout fleuri d\u2019ironie. Les amandiers sont en fleurs. L\u2019all\u00e9e est un rail de laurier-tin tous blancs d\u2019ombelles. La nature offre un d\u00e9cor de F\u00eate-Dieu d\u2019une blancheur id\u00e9ale\u2026 et le vent souffle pince-mord. Il neige\u2026 on ne sait quoi, est-ce un flocon\u00a0\u2026\u00a0? est-ce un p\u00e9tale\u2026\u00a0? [&hellip;]<\/p>\n","protected":false},"author":1,"featured_media":0,"comment_status":"open","ping_status":"open","sticky":false,"template":"","format":"standard","meta":{"footnotes":""},"categories":[5,84,64],"tags":[38,37,91,47],"_links":{"self":[{"href":"http:\/\/www.francoiserenaud.com\/blog\/wp-json\/wp\/v2\/posts\/1460"}],"collection":[{"href":"http:\/\/www.francoiserenaud.com\/blog\/wp-json\/wp\/v2\/posts"}],"about":[{"href":"http:\/\/www.francoiserenaud.com\/blog\/wp-json\/wp\/v2\/types\/post"}],"author":[{"embeddable":true,"href":"http:\/\/www.francoiserenaud.com\/blog\/wp-json\/wp\/v2\/users\/1"}],"replies":[{"embeddable":true,"href":"http:\/\/www.francoiserenaud.com\/blog\/wp-json\/wp\/v2\/comments?post=1460"}],"version-history":[{"count":23,"href":"http:\/\/www.francoiserenaud.com\/blog\/wp-json\/wp\/v2\/posts\/1460\/revisions"}],"predecessor-version":[{"id":3323,"href":"http:\/\/www.francoiserenaud.com\/blog\/wp-json\/wp\/v2\/posts\/1460\/revisions\/3323"}],"wp:attachment":[{"href":"http:\/\/www.francoiserenaud.com\/blog\/wp-json\/wp\/v2\/media?parent=1460"}],"wp:term":[{"taxonomy":"category","embeddable":true,"href":"http:\/\/www.francoiserenaud.com\/blog\/wp-json\/wp\/v2\/categories?post=1460"},{"taxonomy":"post_tag","embeddable":true,"href":"http:\/\/www.francoiserenaud.com\/blog\/wp-json\/wp\/v2\/tags?post=1460"}],"curies":[{"name":"wp","href":"https:\/\/api.w.org\/{rel}","templated":true}]}}