{"id":1284,"date":"2010-10-15T19:06:58","date_gmt":"2010-10-15T17:06:58","guid":{"rendered":"http:\/\/www.francoiserenaud.com\/blog\/?p=1284"},"modified":"2013-05-14T11:24:23","modified_gmt":"2013-05-14T10:24:23","slug":"neige-richarme-4","status":"publish","type":"post","link":"http:\/\/www.francoiserenaud.com\/blog\/2010\/10\/neige-richarme-4\/","title":{"rendered":"neige, Richarme (4)"},"content":{"rendered":"<p><a href=\"http:\/\/richarme.org\/\"><img loading=\"lazy\" decoding=\"async\" class=\"alignnone size-large wp-image-1285\" style=\"border: 2px solid black; margin: 0.5px;\" title=\"fragment3\" src=\"http:\/\/www.francoiserenaud.com\/blog\/wp-content\/uploads\/2010\/10\/fragment3-1024x839.jpg\" alt=\"\" width=\"485\" height=\"397\" srcset=\"http:\/\/www.francoiserenaud.com\/blog\/wp-content\/uploads\/2010\/10\/fragment3-1024x839.jpg 1024w, http:\/\/www.francoiserenaud.com\/blog\/wp-content\/uploads\/2010\/10\/fragment3-300x245.jpg 300w, http:\/\/www.francoiserenaud.com\/blog\/wp-content\/uploads\/2010\/10\/fragment3.jpg 1409w\" sizes=\"(max-width: 485px) 100vw, 485px\" \/><\/a><\/p>\n<p style=\"text-align: justify; padding-left: 120px;\"><em>(au 8 mars 2008 <\/em><em>dans mon carnet de notes) <\/em><\/p>\n<p style=\"text-align: justify; padding-left: 120px;\"><strong>Un projet difficile que de capturer la vie de quelqu&rsquo;un dans la sienne, de se glisser dans une posture entre pass\u00e9 et pr\u00e9sent d\u00e9j\u00e0 en train de se dissoudre\u00a0\u2014 j&rsquo;en ai conscience. Parfois je me dis que je vais rester \u00e0 la surface des choses, parcourir seulement la carapace comme l&rsquo;oiseau qui attaque une \u00e9corce, y d\u00e9nichant\u00a0 un ver ou une graine de la derni\u00e8re saison. Essayer au moins. <\/strong><strong>Cerner cette soif de blanc qu&rsquo;elle avait&#8230; <\/strong><strong> <\/strong><\/p>\n<p style=\"text-align: justify; padding-left: 120px;\"><strong>J&rsquo;aimerais apprendre le d\u00e9nuement pour p\u00e9n\u00e9trer son c\u0153ur d&rsquo;artiste. <\/strong><strong>J&rsquo;aimerais avoir des phrases tendres pour elle comme si je lui devais d\u00e9j\u00e0 de m&rsquo;avoir instruite sur des parts de moi-m\u00eam<\/strong><strong>e. <\/strong><strong> <\/strong><\/p>\n<p style=\"text-align: justify; padding-left: 120px;\"><strong> <\/strong><strong>L&rsquo;\u00e9criture avance \u00e0 mesure du temps qui coule, m&rsquo;\u00e9loignant de la date de son d\u00e9c\u00e8s.<\/strong><\/p>\n<p style=\"text-align: left; padding-left: 120px;\"><strong><br \/>\n<\/strong><\/p>\n<p><em>\u201cProbable que les \u00e9l\u00e9ments fluides entraient en r\u00e9sonance avec ses mondes int\u00e9rieurs et sur un mode in\u00e9dit. Par exemple elle \u00e9prouvait une joie intime lorsque la neige tombait, pr\u00e9cipitation qui habitait l\u2019espace, donnait du flou au paysage et un dr\u00f4le de poids au silence.<\/em><\/p>\n<p><em>En f\u00e9vrier 1948, elle \u00e9crit\u00a0: \u00ab\u00a0 Il neige, on ne sait quoi\u00a0: est-ce un flocon\u00a0? est-ce un p\u00e9tale\u00a0? Et je vois lentement mourir les nacres du r\u00eave.\u00a0\u00bb<\/em><\/p>\n<p><em>Elle ressentait cette capacit\u00e9 de la mati\u00e8re blanche \u00e0 pr\u00e9server l\u2019espace personnel, prot\u00e9ger le secret. S\u00fbrement pour \u00e7a que les floraisons, les nuages, les eaux, les vagues, les brumes \u00e9taient devenus ses sujets sans qu\u2019elle e\u00fbt besoin d\u2019en d\u00e9cider. Ils faisaient partie d\u2019elle avant m\u00eame que son corps ne les e\u00fbt per\u00e7us, avant m\u00eame que ses yeux ne les eussent reconnus. Ils \u00e9taient tapis dans sa nuit.\u201d<\/em><\/p>\n<p style=\"margin-top: 30px;\">\n<p style=\"text-align: right;\"><em>extrait du r\u00e9cit<\/em><a href=\"http:\/\/www.francoiserenaud.com\/bibliographie\/romans-recits\/au-dela-du-blanc-richarme-1904-1991\/\" target=\"_blank\"><strong> Au-del\u00e0 du blanc<\/strong><\/a><em>, FR\u00a9, CLC \u00e9ditions, 2010<\/em><\/p>\n<p style=\"text-align: right;\"><em>\u201c<\/em>Arbres sous la neige<em>\u201d (d\u00e9tail), gouache, 35,5 x 23<\/em><\/p>\n<p style=\"text-align: right;\">\n","protected":false},"excerpt":{"rendered":"<p>(au 8 mars 2008 dans mon carnet de notes) Un projet difficile que de capturer la vie de quelqu&rsquo;un dans la sienne, de se glisser dans une posture entre pass\u00e9 et pr\u00e9sent d\u00e9j\u00e0 en train de se dissoudre\u00a0\u2014 j&rsquo;en ai conscience. Parfois je me dis que je vais rester \u00e0 la surface des choses, parcourir [&hellip;]<\/p>\n","protected":false},"author":1,"featured_media":0,"comment_status":"open","ping_status":"open","sticky":false,"template":"","format":"standard","meta":{"footnotes":""},"categories":[5,64],"tags":[87,38,86,37],"_links":{"self":[{"href":"http:\/\/www.francoiserenaud.com\/blog\/wp-json\/wp\/v2\/posts\/1284"}],"collection":[{"href":"http:\/\/www.francoiserenaud.com\/blog\/wp-json\/wp\/v2\/posts"}],"about":[{"href":"http:\/\/www.francoiserenaud.com\/blog\/wp-json\/wp\/v2\/types\/post"}],"author":[{"embeddable":true,"href":"http:\/\/www.francoiserenaud.com\/blog\/wp-json\/wp\/v2\/users\/1"}],"replies":[{"embeddable":true,"href":"http:\/\/www.francoiserenaud.com\/blog\/wp-json\/wp\/v2\/comments?post=1284"}],"version-history":[{"count":26,"href":"http:\/\/www.francoiserenaud.com\/blog\/wp-json\/wp\/v2\/posts\/1284\/revisions"}],"predecessor-version":[{"id":5847,"href":"http:\/\/www.francoiserenaud.com\/blog\/wp-json\/wp\/v2\/posts\/1284\/revisions\/5847"}],"wp:attachment":[{"href":"http:\/\/www.francoiserenaud.com\/blog\/wp-json\/wp\/v2\/media?parent=1284"}],"wp:term":[{"taxonomy":"category","embeddable":true,"href":"http:\/\/www.francoiserenaud.com\/blog\/wp-json\/wp\/v2\/categories?post=1284"},{"taxonomy":"post_tag","embeddable":true,"href":"http:\/\/www.francoiserenaud.com\/blog\/wp-json\/wp\/v2\/tags?post=1284"}],"curies":[{"name":"wp","href":"https:\/\/api.w.org\/{rel}","templated":true}]}}