{"id":1003,"date":"2010-10-05T14:33:31","date_gmt":"2010-10-05T12:33:31","guid":{"rendered":"http:\/\/www.francoiserenaud.com\/blog\/?p=1003"},"modified":"2013-05-14T11:26:24","modified_gmt":"2013-05-14T10:26:24","slug":"richarme-portrait-3","status":"publish","type":"post","link":"http:\/\/www.francoiserenaud.com\/blog\/2010\/10\/richarme-portrait-3\/","title":{"rendered":"portrait, Richarme (3)"},"content":{"rendered":"<p><a href=\"http:\/\/richarme.org\/\"><img loading=\"lazy\" decoding=\"async\" class=\"alignnone size-large wp-image-1004\" style=\"border: 2px solid black;\" title=\"portrait _Richarme1981\" src=\"http:\/\/www.francoiserenaud.com\/blog\/wp-content\/uploads\/2010\/09\/portrait-_Richarme1981-688x1024.jpg\" alt=\"\" width=\"308\" height=\"459\" srcset=\"http:\/\/www.francoiserenaud.com\/blog\/wp-content\/uploads\/2010\/09\/portrait-_Richarme1981-688x1024.jpg 688w, http:\/\/www.francoiserenaud.com\/blog\/wp-content\/uploads\/2010\/09\/portrait-_Richarme1981-201x300.jpg 201w, http:\/\/www.francoiserenaud.com\/blog\/wp-content\/uploads\/2010\/09\/portrait-_Richarme1981.jpg 847w\" sizes=\"(max-width: 308px) 100vw, 308px\" \/><\/a><\/p>\n<p><em>\u00ab\u00a0Bien s\u00fbr, l\u2019art sous toutes ses formes la passionnait. Elle avait \u00e9tudi\u00e9 les \u0153uvres peintes depuis Fra Angelico jusqu\u2019\u00e0 Picasso. Avait lu aussi bien Anna de Noailles que Rainer Maria Rilke ou Colette. \u00c9tait all\u00e9e au th\u00e9\u00e2tre, au concert aussi souvent que possible. Op\u00e9ras et symphonies la ravissaient pourvu que l\u2019interpr\u00e9tation f\u00fbt bonne. Beethoven, Berlioz, Rachmaninov, tant d\u2019autres.<br \/>\nEn r\u00e9sum\u00e9 elle avait un c\u0153ur large.<br \/>\nBien camp\u00e9e sur la terre, elle \u00e9tait comme un roc, un pilier. Elle \u00e9tait comme une force.<br \/>\nUne seule chose l\u2019inqui\u00e9tait\u00a0: le devenir de ses filles quand elle serait partie.\u00a0\u00bb<\/em><\/p>\n<p style=\"margin-top: 30px;\">\n<p style=\"text-align: right;\"><em>FR \u00a9 &#8211; <\/em>fragment de <a href=\"http:\/\/www.francoiserenaud.com\/bibliographie\/romans-recits\/au-dela-du-blanc-richarme-1904-1991\/\" target=\"_blank\"><em><strong>Au-del\u00e0 du blanc &#8211; Richarme (1904-1991)<\/strong><\/em>,<\/a> r\u00e9cit, CLC \u00e9ditions, 2010<em><br \/>\n<\/em><\/p>\n","protected":false},"excerpt":{"rendered":"<p>\u00ab\u00a0Bien s\u00fbr, l\u2019art sous toutes ses formes la passionnait. Elle avait \u00e9tudi\u00e9 les \u0153uvres peintes depuis Fra Angelico jusqu\u2019\u00e0 Picasso. Avait lu aussi bien Anna de Noailles que Rainer Maria Rilke ou Colette. \u00c9tait all\u00e9e au th\u00e9\u00e2tre, au concert aussi souvent que possible. Op\u00e9ras et symphonies la ravissaient pourvu que l\u2019interpr\u00e9tation f\u00fbt bonne. Beethoven, Berlioz, [&hellip;]<\/p>\n","protected":false},"author":1,"featured_media":0,"comment_status":"open","ping_status":"open","sticky":false,"template":"","format":"standard","meta":{"footnotes":""},"categories":[15,64],"tags":[423,411,82],"_links":{"self":[{"href":"http:\/\/www.francoiserenaud.com\/blog\/wp-json\/wp\/v2\/posts\/1003"}],"collection":[{"href":"http:\/\/www.francoiserenaud.com\/blog\/wp-json\/wp\/v2\/posts"}],"about":[{"href":"http:\/\/www.francoiserenaud.com\/blog\/wp-json\/wp\/v2\/types\/post"}],"author":[{"embeddable":true,"href":"http:\/\/www.francoiserenaud.com\/blog\/wp-json\/wp\/v2\/users\/1"}],"replies":[{"embeddable":true,"href":"http:\/\/www.francoiserenaud.com\/blog\/wp-json\/wp\/v2\/comments?post=1003"}],"version-history":[{"count":17,"href":"http:\/\/www.francoiserenaud.com\/blog\/wp-json\/wp\/v2\/posts\/1003\/revisions"}],"predecessor-version":[{"id":5850,"href":"http:\/\/www.francoiserenaud.com\/blog\/wp-json\/wp\/v2\/posts\/1003\/revisions\/5850"}],"wp:attachment":[{"href":"http:\/\/www.francoiserenaud.com\/blog\/wp-json\/wp\/v2\/media?parent=1003"}],"wp:term":[{"taxonomy":"category","embeddable":true,"href":"http:\/\/www.francoiserenaud.com\/blog\/wp-json\/wp\/v2\/categories?post=1003"},{"taxonomy":"post_tag","embeddable":true,"href":"http:\/\/www.francoiserenaud.com\/blog\/wp-json\/wp\/v2\/tags?post=1003"}],"curies":[{"name":"wp","href":"https:\/\/api.w.org\/{rel}","templated":true}]}}